
{"id":48332,"date":"2023-09-01T11:25:46","date_gmt":"2023-09-01T09:25:46","guid":{"rendered":"https:\/\/www.minicrm.hu\/help\/?p=48332"},"modified":"2025-11-27T13:19:49","modified_gmt":"2025-11-27T12:19:49","slug":"gestionarea-sarcinilor-colegilor-in-concediu-produsul-de-concedii","status":"publish","type":"post","link":"https:\/\/www.minicrm.ro\/help\/gestionarea-sarcinilor-colegilor-in-concediu-produsul-de-concedii\/","title":{"rendered":"Gestionarea sarcinilor colegilor \u00een concediu (Produsul de Concedii)"},"content":{"rendered":"<div class=\"alert alert-info\"><strong>Produsul de Concedii face parte din pachetul de HR. At\u00e2t timp c\u00e2t \u00een abonamentul t\u0103u se afl\u0103 \u0219i pachetul de HR, vei avea acces implicit \u0219i la produsul de Concedii.<\/strong><\/div>\n<div>\n<p><iframe loading=\"lazy\" width=\"760\" height=\"415\" src=\"https:\/\/www.youtube.com\/embed\/LSBROS-UH8I?si=R_Jy-bTITPlXTTzB\" title=\"YouTube video player\" frameborder=\"0\" allow=\"accelerometer; autoplay; clipboard-write; encrypted-media; gyroscope; picture-in-picture; web-share\" allowfullscreen><\/iframe><\/p>\n<p><span style=\"font-weight: 400;\">Acest produs de Concedii <strong>NU este o platform\u0103 de gestionare a zilelor de concediu propriu-zise<\/strong>. Cu alte cuvinte, el nu este menit s\u0103 \u021bin\u0103 eviden\u021ba tuturor zilelor de concediu ale colegilor t\u0103i \u0219i c\u00e2te au mai r\u0103mas din aceseta la un moment dat.<\/span><\/p>\n<p><span style=\"font-weight: 400;\">Ce face produsul de Concedii este s\u0103 se ocupe de <strong>redistribuirea sarcinilor colegilor pleca\u021bi \u00een concediu<\/strong>.<\/span><\/p>\n<\/div>\n<p>Haide s\u0103 vedem cum!<\/p>\n<p><span style=\"font-weight: 400;\">Pentru a ad\u0103uga o perioad\u0103 nou\u0103 de vacan\u021b\u0103 pentru un anumit coleg, d\u0103 click pe butonul verde <strong>Concediu nou<\/strong>.<\/span><\/p>\n<p><img loading=\"lazy\" decoding=\"async\" class=\"wp-image-48341 size-full aligncenter\" src=\"https:\/\/minicrm-wp-help.s3.amazonaws.com\/uploads\/2023\/09\/Screenshot-2023-09-01-at-11.37.48.png\" alt=\"\" width=\"2484\" height=\"760\" srcset=\"https:\/\/minicrm-wp-help.s3.amazonaws.com\/uploads\/2023\/09\/Screenshot-2023-09-01-at-11.37.48.png 1920w, https:\/\/minicrm-wp-help.s3.amazonaws.com\/uploads\/2023\/09\/Screenshot-2023-09-01-at-11.37.48-300x92.png 300w, https:\/\/minicrm-wp-help.s3.amazonaws.com\/uploads\/2023\/09\/Screenshot-2023-09-01-at-11.37.48-1024x313.png 1024w, https:\/\/minicrm-wp-help.s3.amazonaws.com\/uploads\/2023\/09\/Screenshot-2023-09-01-at-11.37.48-768x235.png 768w, https:\/\/minicrm-wp-help.s3.amazonaws.com\/uploads\/2023\/09\/Screenshot-2023-09-01-at-11.37.48-1536x470.png 1536w, https:\/\/minicrm-wp-help.s3.amazonaws.com\/uploads\/2023\/09\/Screenshot-2023-09-01-at-11.37.48-2048x627.png 2048w\" sizes=\"auto, (max-width: 2484px) 100vw, 2484px\" \/><\/p>\n<p><span style=\"font-weight: 400;\">\u00cen c\u0103su\u021ba de dialog ap\u0103rut\u0103, primul pas este c\u0103 treci detaliile solicitantului: numele \u0219i prenumele s\u0103u, precum \u0219i adresa de e-mail cu care a fost ad\u0103ugat \u00een sistem.<\/span><\/p>\n<p><strong>ATEN\u021aIE: Este deosebit de important ca adresa de e-mail s\u0103 fie cea corect\u0103 \u0219i s\u0103 coincid\u0103 cu adresa utilizatorului din sistem. \u00cen baza acesteia, sistemul va \u0219tii s\u0103 fac\u0103 matching \u00eentre cardul de oportunitate pe care \u00eel creezi acum \u0219i sarcinile persoanei respective.\u00a0<\/strong><\/p>\n<p><span style=\"font-weight: 400;\">Dac\u0103 nu manageriezi mai multe companii din MiniCRM, po\u021bi l\u0103sa zona de Companie necompletat\u0103.<\/span><\/p>\n<p><img loading=\"lazy\" decoding=\"async\" class=\"aligncenter wp-image-48344 size-full\" src=\"https:\/\/minicrm-wp-help.s3.amazonaws.com\/uploads\/2023\/09\/Screenshot-2023-09-01-at-11.40.55.png\" alt=\"\" width=\"1434\" height=\"910\" srcset=\"https:\/\/minicrm-wp-help.s3.amazonaws.com\/uploads\/2023\/09\/Screenshot-2023-09-01-at-11.40.55.png 1434w, https:\/\/minicrm-wp-help.s3.amazonaws.com\/uploads\/2023\/09\/Screenshot-2023-09-01-at-11.40.55-300x190.png 300w, https:\/\/minicrm-wp-help.s3.amazonaws.com\/uploads\/2023\/09\/Screenshot-2023-09-01-at-11.40.55-1024x650.png 1024w, https:\/\/minicrm-wp-help.s3.amazonaws.com\/uploads\/2023\/09\/Screenshot-2023-09-01-at-11.40.55-768x487.png 768w\" sizes=\"auto, (max-width: 1434px) 100vw, 1434px\" \/><\/p>\n<p><span style=\"font-weight: 400;\">Finalmente, completeaz\u0103 \u0219i detaliile concediului: ziua de \u00eenceput a acestuia, ultima zi, precum \u0219i un \u00eenlocuitor care s\u0103 preia sarcinile persoanei solicitante \u00een perioada \u00een care aceasta va fi plecat\u0103.\u00a0<\/span><\/p>\n<p>De\u021bin\u0103torul nu va fi neap\u0103rat relevant, \u00eentruc\u00e2t acesta e doar persoana care adaug\u0103 cardul de oportuntiate al concediului \u00een sistem.<\/p>\n<p><img loading=\"lazy\" decoding=\"async\" class=\"aligncenter wp-image-48347 size-full\" src=\"https:\/\/minicrm-wp-help.s3.amazonaws.com\/uploads\/2023\/09\/Screenshot-2023-09-01-at-11.43.03.png\" alt=\"\" width=\"1432\" height=\"910\" srcset=\"https:\/\/minicrm-wp-help.s3.amazonaws.com\/uploads\/2023\/09\/Screenshot-2023-09-01-at-11.43.03.png 1432w, https:\/\/minicrm-wp-help.s3.amazonaws.com\/uploads\/2023\/09\/Screenshot-2023-09-01-at-11.43.03-300x191.png 300w, https:\/\/minicrm-wp-help.s3.amazonaws.com\/uploads\/2023\/09\/Screenshot-2023-09-01-at-11.43.03-1024x651.png 1024w, https:\/\/minicrm-wp-help.s3.amazonaws.com\/uploads\/2023\/09\/Screenshot-2023-09-01-at-11.43.03-768x488.png 768w\" sizes=\"auto, (max-width: 1432px) 100vw, 1432px\" \/><\/p>\n<p><span style=\"font-weight: 400;\">\u00cen ceea ce prive\u0219te <strong>statusul<\/strong>, acesta va fi unul automatizat. Odat\u0103 pe zi, sistemul va rula un script care se va uita la toate datele de concedii pe care le treci \u00een acest modul. \u00cen func\u021bie de acestea, va trece cardurile concediilor dintr-un status \u00een altul.\u00a0<\/span><\/p>\n<p><span style=\"font-weight: 400;\"><strong>Statusul de Concedii programate<\/strong> are \u00een vedere concediile care vor avea loc sau care au loc chiar acum.<\/span><\/p>\n<p><span style=\"font-weight: 400;\"><strong>Statutusul de Concedii utilizate<\/strong> va reprezenta baza de date cu toate concediile care au avut loc \u0219i s-au \u00eencheiat.<\/span><\/p>\n<p><span style=\"font-weight: 400;\">\u00cen <strong>statusul de Anulat<\/strong> vei putea pune tu, manual, acele concedii care nu vor mai avea loc (dac\u0103 colegii t\u0103i s-au r\u0103zg\u00e2ndit). Atunci c\u00e2nd un concediu se afl\u0103 \u00een statutusl de <strong>Anulat<\/strong>, sistemul nu \u00eel va mai lua \u00een considerare.<\/span><\/p>\n<p><img loading=\"lazy\" decoding=\"async\" class=\"aligncenter wp-image-48350 size-full\" src=\"https:\/\/minicrm-wp-help.s3.amazonaws.com\/uploads\/2023\/09\/Screenshot-2023-09-01-at-11.45.17.png\" alt=\"\" width=\"1426\" height=\"898\" srcset=\"https:\/\/minicrm-wp-help.s3.amazonaws.com\/uploads\/2023\/09\/Screenshot-2023-09-01-at-11.45.17.png 1426w, https:\/\/minicrm-wp-help.s3.amazonaws.com\/uploads\/2023\/09\/Screenshot-2023-09-01-at-11.45.17-300x189.png 300w, https:\/\/minicrm-wp-help.s3.amazonaws.com\/uploads\/2023\/09\/Screenshot-2023-09-01-at-11.45.17-1024x645.png 1024w, https:\/\/minicrm-wp-help.s3.amazonaws.com\/uploads\/2023\/09\/Screenshot-2023-09-01-at-11.45.17-768x484.png 768w\" sizes=\"auto, (max-width: 1426px) 100vw, 1426px\" \/><\/p>\n<p><span style=\"font-weight: 400;\">Odat\u0103 ce a venit prima zi de concediu pentru un utilizator, sistemul va ac\u021biona \u00een toate cele patru arii care ar putea s\u0103 \u00eel priveasc\u0103 pe utilizatorul respectiv:<\/span><\/p>\n<ul>\n<li style=\"font-weight: 400;\" aria-level=\"1\"><span style=\"font-weight: 400;\">automatiz\u0103ri pe numele lui<\/span><\/li>\n<li style=\"font-weight: 400;\" aria-level=\"1\"><span style=\"font-weight: 400;\">formulare menite s\u0103-i deschid\u0103 sarcini<\/span><\/li>\n<li style=\"font-weight: 400;\" aria-level=\"1\"><span style=\"font-weight: 400;\">programatoare de \u00eent\u00e2lniri \u00een care el este organizator\u00a0\u00a0<\/span><\/li>\n<li style=\"font-weight: 400;\" aria-level=\"1\"><span style=\"font-weight: 400;\">sarcini atribuite manual de c\u0103tre al\u021bi utilizatori\u00a0<\/span><\/li>\n<\/ul>\n<p>&nbsp;<\/p>\n<p><strong>Ce se \u00eent\u00e2mpl\u0103 cu automatiz\u0103rile pe numele colegilor pleca\u021bi \u00een concediu?<\/strong><\/p>\n<p><span style=\"font-weight: 400;\">Atunci c\u00e2nd ai o automatizare \u00een sistemul t\u0103u special creat\u0103 pentru un anumit utilizator, cum este cea de mai jos:<\/span><\/p>\n<p><img loading=\"lazy\" decoding=\"async\" class=\"aligncenter wp-image-48353 size-full\" src=\"https:\/\/minicrm-wp-help.s3.amazonaws.com\/uploads\/2023\/09\/Screenshot-2023-09-01-at-11.50.14.png\" alt=\"\" width=\"2450\" height=\"1004\" srcset=\"https:\/\/minicrm-wp-help.s3.amazonaws.com\/uploads\/2023\/09\/Screenshot-2023-09-01-at-11.50.14.png 1920w, https:\/\/minicrm-wp-help.s3.amazonaws.com\/uploads\/2023\/09\/Screenshot-2023-09-01-at-11.50.14-300x123.png 300w, https:\/\/minicrm-wp-help.s3.amazonaws.com\/uploads\/2023\/09\/Screenshot-2023-09-01-at-11.50.14-1024x420.png 1024w, https:\/\/minicrm-wp-help.s3.amazonaws.com\/uploads\/2023\/09\/Screenshot-2023-09-01-at-11.50.14-768x315.png 768w, https:\/\/minicrm-wp-help.s3.amazonaws.com\/uploads\/2023\/09\/Screenshot-2023-09-01-at-11.50.14-1536x629.png 1536w, https:\/\/minicrm-wp-help.s3.amazonaws.com\/uploads\/2023\/09\/Screenshot-2023-09-01-at-11.50.14-2048x839.png 2048w\" sizes=\"auto, (max-width: 2450px) 100vw, 2450px\" \/><\/p>\n<p><span style=\"font-weight: 400;\">\u2026aceasta va redirec\u021biona sarcina \u00een mod automat pe numele \u00eenlocuitorului selectat \u00een cardul de oportunitate al concediului programat:<\/span><\/p>\n<p><img loading=\"lazy\" decoding=\"async\" class=\"aligncenter wp-image-48356 size-full\" src=\"https:\/\/minicrm-wp-help.s3.amazonaws.com\/uploads\/2023\/09\/Screenshot-2023-09-01-at-12.02.28.png\" alt=\"\" width=\"1300\" height=\"330\" srcset=\"https:\/\/minicrm-wp-help.s3.amazonaws.com\/uploads\/2023\/09\/Screenshot-2023-09-01-at-12.02.28.png 1300w, https:\/\/minicrm-wp-help.s3.amazonaws.com\/uploads\/2023\/09\/Screenshot-2023-09-01-at-12.02.28-300x76.png 300w, https:\/\/minicrm-wp-help.s3.amazonaws.com\/uploads\/2023\/09\/Screenshot-2023-09-01-at-12.02.28-1024x260.png 1024w, https:\/\/minicrm-wp-help.s3.amazonaws.com\/uploads\/2023\/09\/Screenshot-2023-09-01-at-12.02.28-768x195.png 768w\" sizes=\"auto, (max-width: 1300px) 100vw, 1300px\" \/><\/p>\n<p><span style=\"font-weight: 400;\">Totodat\u0103, utilizatorul \u00een concediu va fi ad\u0103ugat ca \u0219i participant. Astfel, dac\u0103 \u00eenlocuitorul nu se va putea ocupa de toate sarcinile lui, el le va putea prinde din urm\u0103 atunci c\u00e2nd se \u00eentoarce la munc\u0103.<\/span><\/p>\n<p><img loading=\"lazy\" decoding=\"async\" class=\"aligncenter wp-image-48359 size-full\" src=\"https:\/\/minicrm-wp-help.s3.amazonaws.com\/uploads\/2023\/09\/Screenshot-2023-09-01-at-12.03.17.png\" alt=\"\" width=\"1376\" height=\"720\" srcset=\"https:\/\/minicrm-wp-help.s3.amazonaws.com\/uploads\/2023\/09\/Screenshot-2023-09-01-at-12.03.17.png 1376w, https:\/\/minicrm-wp-help.s3.amazonaws.com\/uploads\/2023\/09\/Screenshot-2023-09-01-at-12.03.17-300x157.png 300w, https:\/\/minicrm-wp-help.s3.amazonaws.com\/uploads\/2023\/09\/Screenshot-2023-09-01-at-12.03.17-1024x536.png 1024w, https:\/\/minicrm-wp-help.s3.amazonaws.com\/uploads\/2023\/09\/Screenshot-2023-09-01-at-12.03.17-768x402.png 768w\" sizes=\"auto, (max-width: 1376px) 100vw, 1376px\" \/><\/p>\n<p>&nbsp;<\/p>\n<p><strong>Ce se \u00eent\u00e2mpl\u0103 cu formularele menite s\u0103 le deschid\u0103 sarcini atunci c\u00e2nd sunt completate?<\/strong><\/p>\n<p><span style=\"font-weight: 400;\">\u00cen mod similar ca mai sus, atunci c\u00e2nd cineva completeaz\u0103 un formular, sarcina deschis\u0103 de sistem \u00een urma acestuia va ap\u0103rea pe numele \u00eenlocuitorului, cu persoana \u00een concediu ad\u0103ugat\u0103 \u0219i ea ca participant:<\/span><\/p>\n<p><img loading=\"lazy\" decoding=\"async\" class=\"aligncenter wp-image-48362 size-full\" src=\"https:\/\/minicrm-wp-help.s3.amazonaws.com\/uploads\/2023\/09\/Screenshot-2023-09-01-at-12.05.33.png\" alt=\"\" width=\"2480\" height=\"1270\" srcset=\"https:\/\/minicrm-wp-help.s3.amazonaws.com\/uploads\/2023\/09\/Screenshot-2023-09-01-at-12.05.33.png 1920w, https:\/\/minicrm-wp-help.s3.amazonaws.com\/uploads\/2023\/09\/Screenshot-2023-09-01-at-12.05.33-300x154.png 300w, https:\/\/minicrm-wp-help.s3.amazonaws.com\/uploads\/2023\/09\/Screenshot-2023-09-01-at-12.05.33-1024x524.png 1024w, https:\/\/minicrm-wp-help.s3.amazonaws.com\/uploads\/2023\/09\/Screenshot-2023-09-01-at-12.05.33-768x393.png 768w, https:\/\/minicrm-wp-help.s3.amazonaws.com\/uploads\/2023\/09\/Screenshot-2023-09-01-at-12.05.33-1536x787.png 1536w, https:\/\/minicrm-wp-help.s3.amazonaws.com\/uploads\/2023\/09\/Screenshot-2023-09-01-at-12.05.33-2048x1049.png 2048w\" sizes=\"auto, (max-width: 2480px) 100vw, 2480px\" \/><\/p>\n<p><img loading=\"lazy\" decoding=\"async\" class=\"aligncenter wp-image-48365 size-full\" src=\"https:\/\/minicrm-wp-help.s3.amazonaws.com\/uploads\/2023\/09\/Screenshot-2023-09-01-at-12.06.40.png\" alt=\"\" width=\"1800\" height=\"156\" srcset=\"https:\/\/minicrm-wp-help.s3.amazonaws.com\/uploads\/2023\/09\/Screenshot-2023-09-01-at-12.06.40.png 1800w, https:\/\/minicrm-wp-help.s3.amazonaws.com\/uploads\/2023\/09\/Screenshot-2023-09-01-at-12.06.40-300x26.png 300w, https:\/\/minicrm-wp-help.s3.amazonaws.com\/uploads\/2023\/09\/Screenshot-2023-09-01-at-12.06.40-1024x89.png 1024w, https:\/\/minicrm-wp-help.s3.amazonaws.com\/uploads\/2023\/09\/Screenshot-2023-09-01-at-12.06.40-768x67.png 768w, https:\/\/minicrm-wp-help.s3.amazonaws.com\/uploads\/2023\/09\/Screenshot-2023-09-01-at-12.06.40-1536x133.png 1536w\" sizes=\"auto, (max-width: 1800px) 100vw, 1800px\" \/><\/p>\n<p>Dup\u0103 cum vezi \u0219i \u00een imaginea de mai sus, datele completate \u00een formular au intrat pe numele persoanei selectate ca \u00eenlocuitor.<\/p>\n<p>&nbsp;<\/p>\n<p><strong>Ce se \u00eent\u00e2mpl\u0103 cu programatorul de \u00eent\u00e2lniri?<\/strong><\/p>\n<p><span style=\"font-weight: 400;\">Dac\u0103 ai un programator de \u00eent\u00e2lniri setat pentru colegul respectiv, acesta va bloca zilele \u00een care el este \u00een concediu \u0219i le va ar\u0103ta clien\u021bilor s\u0103i c\u0103 este indisponibil atunci:<\/span><\/p>\n<p><img loading=\"lazy\" decoding=\"async\" class=\"aligncenter wp-image-48368 size-full\" src=\"https:\/\/minicrm-wp-help.s3.amazonaws.com\/uploads\/2023\/09\/Screenshot-2023-09-01-at-12.09.39.png\" alt=\"\" width=\"2582\" height=\"1114\" srcset=\"https:\/\/minicrm-wp-help.s3.amazonaws.com\/uploads\/2023\/09\/Screenshot-2023-09-01-at-12.09.39.png 1920w, https:\/\/minicrm-wp-help.s3.amazonaws.com\/uploads\/2023\/09\/Screenshot-2023-09-01-at-12.09.39-300x129.png 300w, https:\/\/minicrm-wp-help.s3.amazonaws.com\/uploads\/2023\/09\/Screenshot-2023-09-01-at-12.09.39-1024x442.png 1024w, https:\/\/minicrm-wp-help.s3.amazonaws.com\/uploads\/2023\/09\/Screenshot-2023-09-01-at-12.09.39-768x331.png 768w, https:\/\/minicrm-wp-help.s3.amazonaws.com\/uploads\/2023\/09\/Screenshot-2023-09-01-at-12.09.39-1536x663.png 1536w, https:\/\/minicrm-wp-help.s3.amazonaws.com\/uploads\/2023\/09\/Screenshot-2023-09-01-at-12.09.39-2048x884.png 2048w\" sizes=\"auto, (max-width: 2582px) 100vw, 2582px\" \/><\/p>\n<p><span style=\"font-weight: 400;\">Dar, dac\u0103 clientul va selecta o dat\u0103 \u0219i o or\u0103 din calendar ulterioare ultimei zile de concediu, aceasta va ap\u0103rea drept disponibil\u0103 (cu condi\u021bia s\u0103 nu fie deja rezervat\u0103 de un alt client):<\/span><\/p>\n<p><img loading=\"lazy\" decoding=\"async\" class=\"aligncenter wp-image-48371 size-full\" src=\"https:\/\/minicrm-wp-help.s3.amazonaws.com\/uploads\/2023\/09\/Screenshot-2023-09-01-at-12.10.42.png\" alt=\"\" width=\"2586\" height=\"1124\" srcset=\"https:\/\/minicrm-wp-help.s3.amazonaws.com\/uploads\/2023\/09\/Screenshot-2023-09-01-at-12.10.42.png 1920w, https:\/\/minicrm-wp-help.s3.amazonaws.com\/uploads\/2023\/09\/Screenshot-2023-09-01-at-12.10.42-300x130.png 300w, https:\/\/minicrm-wp-help.s3.amazonaws.com\/uploads\/2023\/09\/Screenshot-2023-09-01-at-12.10.42-1024x445.png 1024w, https:\/\/minicrm-wp-help.s3.amazonaws.com\/uploads\/2023\/09\/Screenshot-2023-09-01-at-12.10.42-768x334.png 768w, https:\/\/minicrm-wp-help.s3.amazonaws.com\/uploads\/2023\/09\/Screenshot-2023-09-01-at-12.10.42-1536x668.png 1536w, https:\/\/minicrm-wp-help.s3.amazonaws.com\/uploads\/2023\/09\/Screenshot-2023-09-01-at-12.10.42-2048x890.png 2048w\" sizes=\"auto, (max-width: 2586px) 100vw, 2586px\" \/><\/p>\n<p>\u00cen acest caz, sarcinile generate din programator nu vor fi redirec\u021bionate c\u0103tre \u00eenlocuitor, \u00eentruc\u00e2t clientul poate prefera \u00een mod expres s\u0103 se vad\u0103 cu colegul care momentan este \u00een concediu. Dac\u0103, totu\u0219i, nu este cazul \u0219i la voi, po\u021bi opta ca clientul s\u0103 poat\u0103 programa o \u00eent\u00e2lnire \u0219i cu \u00eenlocuitorul, ad\u0103ug\u00e2ndu-l pe acesta ca \u0219i participant \u00een programatorul de \u00eent\u00e2lniri respectiv. Vezi <a href=\"https:\/\/www.minicrm.ro\/help\/planificator-de-intalniri\/#anchor-3\">aici<\/a> cum.<\/p>\n<p>&nbsp;<\/p>\n<p><strong>Sarcinile atribuite manual de c\u0103tre colegi<\/strong><\/p>\n<p><span style=\"font-weight: 400;\">Spre deosebire de sarcinile automate, atribuirea sarcinilor manuale de c\u0103tre ceilal\u021bi colegi va r\u0103m\u00e2ne posibil\u0103, cu c\u00e2teva men\u021biuni.<\/span><\/p>\n<p><span style=\"font-weight: 400;\">\u00cen momentul \u00een care un coleg va dori s\u0103 delege o sarcin\u0103 unui alt utilizator \u00een perioada \u00een care acesta e \u00een concediu, va fi aten\u021bionat cu privire la acest fapt printr-o iconi\u021b\u0103 de tip calendar pozi\u021bionat\u0103 l\u00e2ng\u0103 numele utilizatorului respectiv:<\/span><\/p>\n<p><img loading=\"lazy\" decoding=\"async\" class=\"aligncenter wp-image-48374 size-full\" src=\"https:\/\/minicrm-wp-help.s3.amazonaws.com\/uploads\/2023\/09\/Screenshot-2023-09-01-at-12.15.37.png\" alt=\"\" width=\"1932\" height=\"1220\" srcset=\"https:\/\/minicrm-wp-help.s3.amazonaws.com\/uploads\/2023\/09\/Screenshot-2023-09-01-at-12.15.37.png 1920w, https:\/\/minicrm-wp-help.s3.amazonaws.com\/uploads\/2023\/09\/Screenshot-2023-09-01-at-12.15.37-300x189.png 300w, https:\/\/minicrm-wp-help.s3.amazonaws.com\/uploads\/2023\/09\/Screenshot-2023-09-01-at-12.15.37-1024x647.png 1024w, https:\/\/minicrm-wp-help.s3.amazonaws.com\/uploads\/2023\/09\/Screenshot-2023-09-01-at-12.15.37-768x485.png 768w, https:\/\/minicrm-wp-help.s3.amazonaws.com\/uploads\/2023\/09\/Screenshot-2023-09-01-at-12.15.37-1536x970.png 1536w\" sizes=\"auto, (max-width: 1932px) 100vw, 1932px\" \/><\/p>\n<p><span style=\"font-weight: 400;\">Pentru a vedea perioada \u00een care utilizatorul se afl\u0103 \u00een concediu, precum \u0219i cine este \u00eenlocuitorul lui, este suficient s\u0103 \u021bii mouse-ul pe iconi\u021ba de tip calendar:\u00a0<\/span><\/p>\n<p><img loading=\"lazy\" decoding=\"async\" class=\"aligncenter wp-image-48377 size-full\" src=\"https:\/\/minicrm-wp-help.s3.amazonaws.com\/uploads\/2023\/09\/Screenshot-2023-09-01-at-12.16.50.png\" alt=\"\" width=\"436\" height=\"224\" srcset=\"https:\/\/minicrm-wp-help.s3.amazonaws.com\/uploads\/2023\/09\/Screenshot-2023-09-01-at-12.16.50.png 436w, https:\/\/minicrm-wp-help.s3.amazonaws.com\/uploads\/2023\/09\/Screenshot-2023-09-01-at-12.16.50-300x154.png 300w\" sizes=\"auto, (max-width: 436px) 100vw, 436px\" \/><\/p>\n<p><span style=\"font-weight: 400;\">De asemenea, dac\u0103 data realiz\u0103rii pentru sarcina respectiv\u0103 va fi setat\u0103 \u00eenafara intervalului de concediu al persoanei respective, iconi\u021ba de tip calendar va disp\u0103rea (semn c\u0103 persoana va fi la munc\u0103 \u0219i se va putea ocupa de sarcina \u00een cauz\u0103):<\/span><\/p>\n<p><img loading=\"lazy\" decoding=\"async\" class=\"aligncenter wp-image-48383 size-full\" src=\"https:\/\/minicrm-wp-help.s3.amazonaws.com\/uploads\/2023\/09\/Screenshot-2023-09-01-at-12.17.50.png\" alt=\"\" width=\"1368\" height=\"648\" srcset=\"https:\/\/minicrm-wp-help.s3.amazonaws.com\/uploads\/2023\/09\/Screenshot-2023-09-01-at-12.17.50.png 1368w, https:\/\/minicrm-wp-help.s3.amazonaws.com\/uploads\/2023\/09\/Screenshot-2023-09-01-at-12.17.50-300x142.png 300w, https:\/\/minicrm-wp-help.s3.amazonaws.com\/uploads\/2023\/09\/Screenshot-2023-09-01-at-12.17.50-1024x485.png 1024w, https:\/\/minicrm-wp-help.s3.amazonaws.com\/uploads\/2023\/09\/Screenshot-2023-09-01-at-12.17.50-768x364.png 768w\" sizes=\"auto, (max-width: 1368px) 100vw, 1368px\" \/><\/p>\n<p>&nbsp;<\/p>\n<p><span style=\"font-weight: 400;\">Aceea\u0219i iconi\u021b\u0103 va ap\u0103rea \u0219i \u00een cadrul men\u021biunilor:<\/span><\/p>\n<p><img loading=\"lazy\" decoding=\"async\" class=\"aligncenter wp-image-48386 size-full\" src=\"https:\/\/minicrm-wp-help.s3.amazonaws.com\/uploads\/2023\/09\/Screenshot-2023-09-01-at-12.19.03.png\" alt=\"\" width=\"1354\" height=\"292\" srcset=\"https:\/\/minicrm-wp-help.s3.amazonaws.com\/uploads\/2023\/09\/Screenshot-2023-09-01-at-12.19.03.png 1354w, https:\/\/minicrm-wp-help.s3.amazonaws.com\/uploads\/2023\/09\/Screenshot-2023-09-01-at-12.19.03-300x65.png 300w, https:\/\/minicrm-wp-help.s3.amazonaws.com\/uploads\/2023\/09\/Screenshot-2023-09-01-at-12.19.03-1024x221.png 1024w, https:\/\/minicrm-wp-help.s3.amazonaws.com\/uploads\/2023\/09\/Screenshot-2023-09-01-at-12.19.03-768x166.png 768w\" sizes=\"auto, (max-width: 1354px) 100vw, 1354px\" \/><\/p>\n","protected":false},"excerpt":{"rendered":"<p>Produsul de Concedii face parte din pachetul de HR. At\u00e2t timp c\u00e2t \u00een abonamentul t\u0103u se afl\u0103 \u0219i pachetul de HR, vei avea acces implicit \u0219i la produsul de Concedii. Acest produs de Concedii NU este o platform\u0103 de gestionare a zilelor de concediu propriu-zise. Cu alte cuvinte, el nu este menit s\u0103 \u021bin\u0103 eviden\u021ba [&hellip;]<\/p>\n","protected":false},"author":108,"featured_media":0,"comment_status":"closed","ping_status":"closed","sticky":false,"template":"","format":"standard","meta":{"footnotes":""},"categories":[2499,2503,2517,2515],"tags":[],"class_list":["post-48332","post","type-post","status-publish","format-standard","hentry","category-ghid-de-pornire","category-pentru-utilizatori","category-produse","category-produse-si-accesorii"],"yoast_head":"<!-- This site is optimized with the Yoast SEO plugin v27.1.1 - https:\/\/yoast.com\/product\/yoast-seo-wordpress\/ -->\n<title>Gestionarea sarcinilor colegilor \u00een concediu (Produsul de Concedii) - Documenta\u021bie MiniCRM<\/title>\n<meta name=\"description\" content=\"Produsul de Concedii face parte din pachetul de HR. At\u00e2t timp c\u00e2t \u00een abonamentul t\u0103u se afl\u0103 \u0219i pachetul de HR, vei avea acces implicit \u0219i la produsul de\" \/>\n<meta name=\"robots\" content=\"index, follow, max-snippet:-1, max-image-preview:large, max-video-preview:-1\" \/>\n<link rel=\"canonical\" href=\"https:\/\/www.minicrm.ro\/help\/gestionarea-sarcinilor-colegilor-in-concediu-produsul-de-concedii\/\" \/>\n<meta property=\"og:locale\" content=\"en_US\" \/>\n<meta property=\"og:type\" content=\"article\" \/>\n<meta property=\"og:title\" content=\"Gestionarea sarcinilor colegilor \u00een concediu (Produsul de Concedii) - Documenta\u021bie MiniCRM\" \/>\n<meta property=\"og:description\" content=\"Produsul de Concedii face parte din pachetul de HR. At\u00e2t timp c\u00e2t \u00een abonamentul t\u0103u se afl\u0103 \u0219i pachetul de HR, vei avea acces implicit \u0219i la produsul de\" \/>\n<meta property=\"og:url\" content=\"https:\/\/www.minicrm.ro\/help\/gestionarea-sarcinilor-colegilor-in-concediu-produsul-de-concedii\/\" \/>\n<meta property=\"og:site_name\" content=\"Documenta\u021bie MiniCRM\" \/>\n<meta property=\"article:published_time\" content=\"2023-09-01T09:25:46+00:00\" \/>\n<meta property=\"article:modified_time\" content=\"2025-11-27T12:19:49+00:00\" \/>\n<meta property=\"og:image\" content=\"https:\/\/minicrm-wp-help.s3.amazonaws.com\/uploads\/2023\/09\/Screenshot-2023-09-01-at-11.37.48.png\" \/>\n\t<meta property=\"og:image:width\" content=\"1920\" \/>\n\t<meta property=\"og:image:height\" content=\"587\" \/>\n\t<meta property=\"og:image:type\" content=\"image\/png\" \/>\n<meta name=\"author\" content=\"Laura Gata\" \/>\n<meta name=\"twitter:card\" content=\"summary_large_image\" \/>\n<meta name=\"twitter:label1\" content=\"Written by\" \/>\n\t<meta name=\"twitter:data1\" content=\"Laura Gata\" \/>\n\t<meta name=\"twitter:label2\" content=\"Est. reading time\" \/>\n\t<meta name=\"twitter:data2\" content=\"5 minutes\" \/>\n<script type=\"application\/ld+json\" class=\"yoast-schema-graph\">{\"@context\":\"https:\/\/schema.org\",\"@graph\":[{\"@type\":\"Article\",\"@id\":\"https:\/\/www.minicrm.ro\/help\/gestionarea-sarcinilor-colegilor-in-concediu-produsul-de-concedii\/#article\",\"isPartOf\":{\"@id\":\"https:\/\/www.minicrm.ro\/help\/gestionarea-sarcinilor-colegilor-in-concediu-produsul-de-concedii\/\"},\"author\":{\"name\":\"Laura Gata\",\"@id\":\"https:\/\/www.minicrm.hu\/help\/#\/schema\/person\/afbcc1222cd810237fb78977f9587a7f\"},\"headline\":\"Gestionarea sarcinilor colegilor \u00een concediu (Produsul de Concedii)\",\"datePublished\":\"2023-09-01T09:25:46+00:00\",\"dateModified\":\"2025-11-27T12:19:49+00:00\",\"mainEntityOfPage\":{\"@id\":\"https:\/\/www.minicrm.ro\/help\/gestionarea-sarcinilor-colegilor-in-concediu-produsul-de-concedii\/\"},\"wordCount\":941,\"image\":{\"@id\":\"https:\/\/www.minicrm.ro\/help\/gestionarea-sarcinilor-colegilor-in-concediu-produsul-de-concedii\/#primaryimage\"},\"thumbnailUrl\":\"https:\/\/minicrm-wp-help.s3.amazonaws.com\/uploads\/2023\/09\/Screenshot-2023-09-01-at-11.37.48.png\",\"articleSection\":[\"Ghid de pornire\",\"Pentru utilizatori\",\"Produse\",\"Produse \u0219i accesorii\"],\"inLanguage\":\"en-US\"},{\"@type\":\"WebPage\",\"@id\":\"https:\/\/www.minicrm.ro\/help\/gestionarea-sarcinilor-colegilor-in-concediu-produsul-de-concedii\/\",\"url\":\"https:\/\/www.minicrm.ro\/help\/gestionarea-sarcinilor-colegilor-in-concediu-produsul-de-concedii\/\",\"name\":\"Gestionarea sarcinilor colegilor \u00een concediu (Produsul de Concedii) - Documenta\u021bie MiniCRM\",\"isPartOf\":{\"@id\":\"https:\/\/www.minicrm.hu\/help\/#website\"},\"primaryImageOfPage\":{\"@id\":\"https:\/\/www.minicrm.ro\/help\/gestionarea-sarcinilor-colegilor-in-concediu-produsul-de-concedii\/#primaryimage\"},\"image\":{\"@id\":\"https:\/\/www.minicrm.ro\/help\/gestionarea-sarcinilor-colegilor-in-concediu-produsul-de-concedii\/#primaryimage\"},\"thumbnailUrl\":\"https:\/\/minicrm-wp-help.s3.amazonaws.com\/uploads\/2023\/09\/Screenshot-2023-09-01-at-11.37.48.png\",\"datePublished\":\"2023-09-01T09:25:46+00:00\",\"dateModified\":\"2025-11-27T12:19:49+00:00\",\"author\":{\"@id\":\"https:\/\/www.minicrm.hu\/help\/#\/schema\/person\/afbcc1222cd810237fb78977f9587a7f\"},\"description\":\"Produsul de Concedii face parte din pachetul de HR. At\u00e2t timp c\u00e2t \u00een abonamentul t\u0103u se afl\u0103 \u0219i pachetul de HR, vei avea acces implicit \u0219i la produsul de\",\"breadcrumb\":{\"@id\":\"https:\/\/www.minicrm.ro\/help\/gestionarea-sarcinilor-colegilor-in-concediu-produsul-de-concedii\/#breadcrumb\"},\"inLanguage\":\"en-US\",\"potentialAction\":[{\"@type\":\"ReadAction\",\"target\":[\"https:\/\/www.minicrm.ro\/help\/gestionarea-sarcinilor-colegilor-in-concediu-produsul-de-concedii\/\"]}]},{\"@type\":\"ImageObject\",\"inLanguage\":\"en-US\",\"@id\":\"https:\/\/www.minicrm.ro\/help\/gestionarea-sarcinilor-colegilor-in-concediu-produsul-de-concedii\/#primaryimage\",\"url\":\"https:\/\/minicrm-wp-help.s3.amazonaws.com\/uploads\/2023\/09\/Screenshot-2023-09-01-at-11.37.48.png\",\"contentUrl\":\"https:\/\/minicrm-wp-help.s3.amazonaws.com\/uploads\/2023\/09\/Screenshot-2023-09-01-at-11.37.48.png\"},{\"@type\":\"BreadcrumbList\",\"@id\":\"https:\/\/www.minicrm.ro\/help\/gestionarea-sarcinilor-colegilor-in-concediu-produsul-de-concedii\/#breadcrumb\",\"itemListElement\":[{\"@type\":\"ListItem\",\"position\":1,\"name\":\"Home\",\"item\":\"https:\/\/www.minicrm.hu\/help\/\"},{\"@type\":\"ListItem\",\"position\":2,\"name\":\"Gestionarea sarcinilor colegilor \u00een concediu (Produsul de Concedii)\"}]},{\"@type\":\"WebSite\",\"@id\":\"https:\/\/www.minicrm.hu\/help\/#website\",\"url\":\"https:\/\/www.minicrm.hu\/help\/\",\"name\":\"Documenta\u021bie MiniCRM\",\"description\":\"Welcome to MiniCRM\",\"potentialAction\":[{\"@type\":\"SearchAction\",\"target\":{\"@type\":\"EntryPoint\",\"urlTemplate\":\"https:\/\/www.minicrm.hu\/help\/?s={search_term_string}\"},\"query-input\":{\"@type\":\"PropertyValueSpecification\",\"valueRequired\":true,\"valueName\":\"search_term_string\"}}],\"inLanguage\":\"en-US\"},{\"@type\":\"Person\",\"@id\":\"https:\/\/www.minicrm.hu\/help\/#\/schema\/person\/afbcc1222cd810237fb78977f9587a7f\",\"name\":\"Laura Gata\",\"image\":{\"@type\":\"ImageObject\",\"inLanguage\":\"en-US\",\"@id\":\"https:\/\/www.minicrm.hu\/help\/#\/schema\/person\/image\/\",\"url\":\"https:\/\/secure.gravatar.com\/avatar\/e2e556faa9524f9c257aea26c0ba6f4a0b55b1421c1e17c3a4f7774ec8cef89a?s=96&d=mm&r=g\",\"contentUrl\":\"https:\/\/secure.gravatar.com\/avatar\/e2e556faa9524f9c257aea26c0ba6f4a0b55b1421c1e17c3a4f7774ec8cef89a?s=96&d=mm&r=g\",\"caption\":\"Laura Gata\"}}]}<\/script>\n<!-- \/ Yoast SEO plugin. -->","yoast_head_json":{"title":"Gestionarea sarcinilor colegilor \u00een concediu (Produsul de Concedii) - Documenta\u021bie MiniCRM","description":"Produsul de Concedii face parte din pachetul de HR. At\u00e2t timp c\u00e2t \u00een abonamentul t\u0103u se afl\u0103 \u0219i pachetul de HR, vei avea acces implicit \u0219i la produsul de","robots":{"index":"index","follow":"follow","max-snippet":"max-snippet:-1","max-image-preview":"max-image-preview:large","max-video-preview":"max-video-preview:-1"},"canonical":"https:\/\/www.minicrm.ro\/help\/gestionarea-sarcinilor-colegilor-in-concediu-produsul-de-concedii\/","og_locale":"en_US","og_type":"article","og_title":"Gestionarea sarcinilor colegilor \u00een concediu (Produsul de Concedii) - Documenta\u021bie MiniCRM","og_description":"Produsul de Concedii face parte din pachetul de HR. At\u00e2t timp c\u00e2t \u00een abonamentul t\u0103u se afl\u0103 \u0219i pachetul de HR, vei avea acces implicit \u0219i la produsul de","og_url":"https:\/\/www.minicrm.ro\/help\/gestionarea-sarcinilor-colegilor-in-concediu-produsul-de-concedii\/","og_site_name":"Documenta\u021bie MiniCRM","article_published_time":"2023-09-01T09:25:46+00:00","article_modified_time":"2025-11-27T12:19:49+00:00","og_image":[{"width":1920,"height":587,"url":"https:\/\/minicrm-wp-help.s3.amazonaws.com\/uploads\/2023\/09\/Screenshot-2023-09-01-at-11.37.48.png","type":"image\/png"}],"author":"Laura Gata","twitter_card":"summary_large_image","twitter_misc":{"Written by":"Laura Gata","Est. reading time":"5 minutes"},"schema":{"@context":"https:\/\/schema.org","@graph":[{"@type":"Article","@id":"https:\/\/www.minicrm.ro\/help\/gestionarea-sarcinilor-colegilor-in-concediu-produsul-de-concedii\/#article","isPartOf":{"@id":"https:\/\/www.minicrm.ro\/help\/gestionarea-sarcinilor-colegilor-in-concediu-produsul-de-concedii\/"},"author":{"name":"Laura Gata","@id":"https:\/\/www.minicrm.hu\/help\/#\/schema\/person\/afbcc1222cd810237fb78977f9587a7f"},"headline":"Gestionarea sarcinilor colegilor \u00een concediu (Produsul de Concedii)","datePublished":"2023-09-01T09:25:46+00:00","dateModified":"2025-11-27T12:19:49+00:00","mainEntityOfPage":{"@id":"https:\/\/www.minicrm.ro\/help\/gestionarea-sarcinilor-colegilor-in-concediu-produsul-de-concedii\/"},"wordCount":941,"image":{"@id":"https:\/\/www.minicrm.ro\/help\/gestionarea-sarcinilor-colegilor-in-concediu-produsul-de-concedii\/#primaryimage"},"thumbnailUrl":"https:\/\/minicrm-wp-help.s3.amazonaws.com\/uploads\/2023\/09\/Screenshot-2023-09-01-at-11.37.48.png","articleSection":["Ghid de pornire","Pentru utilizatori","Produse","Produse \u0219i accesorii"],"inLanguage":"en-US"},{"@type":"WebPage","@id":"https:\/\/www.minicrm.ro\/help\/gestionarea-sarcinilor-colegilor-in-concediu-produsul-de-concedii\/","url":"https:\/\/www.minicrm.ro\/help\/gestionarea-sarcinilor-colegilor-in-concediu-produsul-de-concedii\/","name":"Gestionarea sarcinilor colegilor \u00een concediu (Produsul de Concedii) - Documenta\u021bie MiniCRM","isPartOf":{"@id":"https:\/\/www.minicrm.hu\/help\/#website"},"primaryImageOfPage":{"@id":"https:\/\/www.minicrm.ro\/help\/gestionarea-sarcinilor-colegilor-in-concediu-produsul-de-concedii\/#primaryimage"},"image":{"@id":"https:\/\/www.minicrm.ro\/help\/gestionarea-sarcinilor-colegilor-in-concediu-produsul-de-concedii\/#primaryimage"},"thumbnailUrl":"https:\/\/minicrm-wp-help.s3.amazonaws.com\/uploads\/2023\/09\/Screenshot-2023-09-01-at-11.37.48.png","datePublished":"2023-09-01T09:25:46+00:00","dateModified":"2025-11-27T12:19:49+00:00","author":{"@id":"https:\/\/www.minicrm.hu\/help\/#\/schema\/person\/afbcc1222cd810237fb78977f9587a7f"},"description":"Produsul de Concedii face parte din pachetul de HR. At\u00e2t timp c\u00e2t \u00een abonamentul t\u0103u se afl\u0103 \u0219i pachetul de HR, vei avea acces implicit \u0219i la produsul de","breadcrumb":{"@id":"https:\/\/www.minicrm.ro\/help\/gestionarea-sarcinilor-colegilor-in-concediu-produsul-de-concedii\/#breadcrumb"},"inLanguage":"en-US","potentialAction":[{"@type":"ReadAction","target":["https:\/\/www.minicrm.ro\/help\/gestionarea-sarcinilor-colegilor-in-concediu-produsul-de-concedii\/"]}]},{"@type":"ImageObject","inLanguage":"en-US","@id":"https:\/\/www.minicrm.ro\/help\/gestionarea-sarcinilor-colegilor-in-concediu-produsul-de-concedii\/#primaryimage","url":"https:\/\/minicrm-wp-help.s3.amazonaws.com\/uploads\/2023\/09\/Screenshot-2023-09-01-at-11.37.48.png","contentUrl":"https:\/\/minicrm-wp-help.s3.amazonaws.com\/uploads\/2023\/09\/Screenshot-2023-09-01-at-11.37.48.png"},{"@type":"BreadcrumbList","@id":"https:\/\/www.minicrm.ro\/help\/gestionarea-sarcinilor-colegilor-in-concediu-produsul-de-concedii\/#breadcrumb","itemListElement":[{"@type":"ListItem","position":1,"name":"Home","item":"https:\/\/www.minicrm.hu\/help\/"},{"@type":"ListItem","position":2,"name":"Gestionarea sarcinilor colegilor \u00een concediu (Produsul de Concedii)"}]},{"@type":"WebSite","@id":"https:\/\/www.minicrm.hu\/help\/#website","url":"https:\/\/www.minicrm.hu\/help\/","name":"Documenta\u021bie MiniCRM","description":"Welcome to MiniCRM","potentialAction":[{"@type":"SearchAction","target":{"@type":"EntryPoint","urlTemplate":"https:\/\/www.minicrm.hu\/help\/?s={search_term_string}"},"query-input":{"@type":"PropertyValueSpecification","valueRequired":true,"valueName":"search_term_string"}}],"inLanguage":"en-US"},{"@type":"Person","@id":"https:\/\/www.minicrm.hu\/help\/#\/schema\/person\/afbcc1222cd810237fb78977f9587a7f","name":"Laura Gata","image":{"@type":"ImageObject","inLanguage":"en-US","@id":"https:\/\/www.minicrm.hu\/help\/#\/schema\/person\/image\/","url":"https:\/\/secure.gravatar.com\/avatar\/e2e556faa9524f9c257aea26c0ba6f4a0b55b1421c1e17c3a4f7774ec8cef89a?s=96&d=mm&r=g","contentUrl":"https:\/\/secure.gravatar.com\/avatar\/e2e556faa9524f9c257aea26c0ba6f4a0b55b1421c1e17c3a4f7774ec8cef89a?s=96&d=mm&r=g","caption":"Laura Gata"}}]}},"_links":{"self":[{"href":"https:\/\/www.minicrm.ro\/help\/wp-json\/wp\/v2\/posts\/48332","targetHints":{"allow":["GET"]}}],"collection":[{"href":"https:\/\/www.minicrm.ro\/help\/wp-json\/wp\/v2\/posts"}],"about":[{"href":"https:\/\/www.minicrm.ro\/help\/wp-json\/wp\/v2\/types\/post"}],"author":[{"embeddable":true,"href":"https:\/\/www.minicrm.ro\/help\/wp-json\/wp\/v2\/users\/108"}],"replies":[{"embeddable":true,"href":"https:\/\/www.minicrm.ro\/help\/wp-json\/wp\/v2\/comments?post=48332"}],"version-history":[{"count":2,"href":"https:\/\/www.minicrm.ro\/help\/wp-json\/wp\/v2\/posts\/48332\/revisions"}],"predecessor-version":[{"id":48428,"href":"https:\/\/www.minicrm.ro\/help\/wp-json\/wp\/v2\/posts\/48332\/revisions\/48428"}],"wp:attachment":[{"href":"https:\/\/www.minicrm.ro\/help\/wp-json\/wp\/v2\/media?parent=48332"}],"wp:term":[{"taxonomy":"category","embeddable":true,"href":"https:\/\/www.minicrm.ro\/help\/wp-json\/wp\/v2\/categories?post=48332"},{"taxonomy":"post_tag","embeddable":true,"href":"https:\/\/www.minicrm.ro\/help\/wp-json\/wp\/v2\/tags?post=48332"}],"curies":[{"name":"wp","href":"https:\/\/api.w.org\/{rel}","templated":true}]}}