

{"id":13032,"date":"2021-09-20T09:20:20","date_gmt":"2021-09-20T06:20:20","guid":{"rendered":"https:\/\/www.minicrm.ro\/blog\/?p=13032"},"modified":"2021-10-06T08:42:55","modified_gmt":"2021-10-06T05:42:55","slug":"acordul-gdpr-prelucrarea-datelor-cu-caracter-personal","status":"publish","type":"post","link":"https:\/\/www.minicrm.ro\/blog\/2021\/09-20\/acordul-gdpr-prelucrarea-datelor-cu-caracter-personal\/","title":{"rendered":"Acordul GDPR &#8211; Prelucrarea datelor cu caracter personal"},"content":{"rendered":"<p><iframe loading=\"lazy\" title=\"Acordul de prelucrare a datelor cu caracter personal | Unboxing\" width=\"500\" height=\"281\" src=\"https:\/\/www.youtube.com\/embed\/-jp-hwJ7i3A?feature=oembed\" frameborder=\"0\" allow=\"accelerometer; autoplay; clipboard-write; encrypted-media; gyroscope; picture-in-picture; web-share\" referrerpolicy=\"strict-origin-when-cross-origin\" allowfullscreen><\/iframe><\/p>\n\n\n<p>De c\u00e2nd a fost adoptat \u00een Mai 2018, Regulamentul general privind protec\u021bia datelor (sau mai scurt: GDPR) \u0219i chiar p\u00e2n\u0103 \u00een ziua de azi, a fost foarte mult\u0103 confuzie cu privire la acest subiect:<\/p>\n\n\n\n<ul class=\"wp-block-list\"><li>Ce trebuie s\u0103 fac\u0103 companiile?<\/li><li>Cum se d\u0103 acordul pentru prelucrarea datelor?<\/li><li>Cum se aplic\u0103 \u00een online?<\/li><\/ul>\n\n\n\n<p>Ca s\u0103 \u00ee\u021bi u\u0219ur\u0103m munca cu privire la protec\u021bia datelor \u00ee\u021bi prezent\u0103m cea mai NOU\u0102 func\u021bionalitate MiniCRM: Acordul de prelucrare a datelor<\/p>\n\n\n\n<p>Aceast\u0103 nou\u0103 func\u021bionalitate te va ajuta s\u0103 gestionezi \u00eentr-un mod mai facil \u0219i rapid aspectele care \u021bin de Acordul privind prelucrarea datelor cu caracter personal pe formulare conform legisla\u021biei GDPR.<\/p>\n","protected":false},"excerpt":{"rendered":"<p>De c\u00e2nd a fost adoptat \u00een Mai 2018, Regulamentul general privind protec\u021bia datelor (sau mai scurt: GDPR) \u0219i chiar p\u00e2n\u0103 \u00een ziua de azi, a fost foarte mult\u0103 confuzie cu privire la acest subiect: Ce trebuie s\u0103 fac\u0103 companiile? Cum se d\u0103 acordul pentru prelucrarea datelor? Cum se aplic\u0103 \u00een online? Ca s\u0103 \u00ee\u021bi u\u0219ur\u0103m [&hellip;]<\/p>\n","protected":false},"author":54,"featured_media":13047,"comment_status":"closed","ping_status":"closed","sticky":false,"template":"","format":"video","meta":{"footnotes":""},"categories":[28],"tags":[],"class_list":["post-13032","post","type-post","status-publish","format-video","has-post-thumbnail","hentry","category-management-sfaturi-afaceri-mici","post_format-post-format-video"],"yoast_head":"<!-- This site is optimized with the Yoast SEO plugin v27.1.1 - https:\/\/yoast.com\/product\/yoast-seo-wordpress\/ -->\n<title>Acordul GDPR - Prelucrarea datelor cu caracter personal<\/title>\n<meta name=\"description\" content=\"https:\/\/www.youtube.com\/watch?v=-jp-hwJ7i3A De c\u00e2nd a fost adoptat \u00een Mai 2018, Regulamentul general privind protec\u021bia datelor (sau mai scurt: GDPR) \u0219i\" \/>\n<meta name=\"robots\" content=\"index, follow, max-snippet:-1, max-image-preview:large, max-video-preview:-1\" \/>\n<link rel=\"canonical\" href=\"https:\/\/www.minicrm.ro\/blog\/2021\/09-20\/acordul-gdpr-prelucrarea-datelor-cu-caracter-personal\/\" \/>\n<meta property=\"og:locale\" content=\"en_US\" \/>\n<meta property=\"og:type\" content=\"article\" \/>\n<meta property=\"og:title\" content=\"Acordul GDPR - Prelucrarea datelor cu caracter personal\" \/>\n<meta property=\"og:description\" content=\"https:\/\/www.youtube.com\/watch?v=-jp-hwJ7i3A De c\u00e2nd a fost adoptat \u00een Mai 2018, Regulamentul general privind protec\u021bia datelor (sau mai scurt: GDPR) \u0219i\" \/>\n<meta property=\"og:url\" content=\"https:\/\/www.minicrm.ro\/blog\/2021\/09-20\/acordul-gdpr-prelucrarea-datelor-cu-caracter-personal\/\" \/>\n<meta property=\"og:site_name\" content=\"MiniCRM Blog\" \/>\n<meta property=\"article:published_time\" content=\"2021-09-20T06:20:20+00:00\" \/>\n<meta property=\"article:modified_time\" content=\"2021-10-06T05:42:55+00:00\" \/>\n<meta property=\"og:image\" content=\"https:\/\/minicrm-wp-ro.s3.amazonaws.com\/uploads\/2021\/09\/UNBOXING-Slides.png\" \/>\n\t<meta property=\"og:image:width\" content=\"400\" \/>\n\t<meta property=\"og:image:height\" content=\"225\" \/>\n\t<meta property=\"og:image:type\" content=\"image\/png\" \/>\n<meta name=\"author\" content=\"Junior Ganea\" \/>\n<meta name=\"twitter:label1\" content=\"Written by\" \/>\n\t<meta name=\"twitter:data1\" content=\"Junior Ganea\" \/>\n\t<meta name=\"twitter:label2\" content=\"Est. reading time\" \/>\n\t<meta name=\"twitter:data2\" content=\"1 minute\" \/>\n<script type=\"application\/ld+json\" class=\"yoast-schema-graph\">{\"@context\":\"https:\/\/schema.org\",\"@graph\":[{\"@type\":\"Article\",\"@id\":\"https:\/\/www.minicrm.ro\/blog\/2021\/09-20\/acordul-gdpr-prelucrarea-datelor-cu-caracter-personal\/#article\",\"isPartOf\":{\"@id\":\"https:\/\/www.minicrm.ro\/blog\/2021\/09-20\/acordul-gdpr-prelucrarea-datelor-cu-caracter-personal\/\"},\"author\":{\"name\":\"Junior Ganea\",\"@id\":\"https:\/\/www.minicrm.ro\/blog\/#\/schema\/person\/dcb5685224310eb2cc0ab24b20ad681a\"},\"headline\":\"Acordul GDPR &#8211; Prelucrarea datelor cu caracter personal\",\"datePublished\":\"2021-09-20T06:20:20+00:00\",\"dateModified\":\"2021-10-06T05:42:55+00:00\",\"mainEntityOfPage\":{\"@id\":\"https:\/\/www.minicrm.ro\/blog\/2021\/09-20\/acordul-gdpr-prelucrarea-datelor-cu-caracter-personal\/\"},\"wordCount\":129,\"publisher\":{\"@id\":\"https:\/\/www.minicrm.ro\/blog\/#organization\"},\"image\":{\"@id\":\"https:\/\/www.minicrm.ro\/blog\/2021\/09-20\/acordul-gdpr-prelucrarea-datelor-cu-caracter-personal\/#primaryimage\"},\"thumbnailUrl\":\"https:\/\/minicrm-wp-ro.s3.amazonaws.com\/uploads\/2021\/09\/UNBOXING-Slides.png\",\"articleSection\":[\"Management\"],\"inLanguage\":\"en-US\"},{\"@type\":\"WebPage\",\"@id\":\"https:\/\/www.minicrm.ro\/blog\/2021\/09-20\/acordul-gdpr-prelucrarea-datelor-cu-caracter-personal\/\",\"url\":\"https:\/\/www.minicrm.ro\/blog\/2021\/09-20\/acordul-gdpr-prelucrarea-datelor-cu-caracter-personal\/\",\"name\":\"Acordul GDPR - Prelucrarea datelor cu caracter personal\",\"isPartOf\":{\"@id\":\"https:\/\/www.minicrm.ro\/blog\/#website\"},\"primaryImageOfPage\":{\"@id\":\"https:\/\/www.minicrm.ro\/blog\/2021\/09-20\/acordul-gdpr-prelucrarea-datelor-cu-caracter-personal\/#primaryimage\"},\"image\":{\"@id\":\"https:\/\/www.minicrm.ro\/blog\/2021\/09-20\/acordul-gdpr-prelucrarea-datelor-cu-caracter-personal\/#primaryimage\"},\"thumbnailUrl\":\"https:\/\/minicrm-wp-ro.s3.amazonaws.com\/uploads\/2021\/09\/UNBOXING-Slides.png\",\"datePublished\":\"2021-09-20T06:20:20+00:00\",\"dateModified\":\"2021-10-06T05:42:55+00:00\",\"description\":\"https:\/\/www.youtube.com\/watch?v=-jp-hwJ7i3A De c\u00e2nd a fost adoptat \u00een Mai 2018, Regulamentul general privind protec\u021bia datelor (sau mai scurt: GDPR) \u0219i\",\"breadcrumb\":{\"@id\":\"https:\/\/www.minicrm.ro\/blog\/2021\/09-20\/acordul-gdpr-prelucrarea-datelor-cu-caracter-personal\/#breadcrumb\"},\"inLanguage\":\"en-US\",\"potentialAction\":[{\"@type\":\"ReadAction\",\"target\":[\"https:\/\/www.minicrm.ro\/blog\/2021\/09-20\/acordul-gdpr-prelucrarea-datelor-cu-caracter-personal\/\"]}]},{\"@type\":\"ImageObject\",\"inLanguage\":\"en-US\",\"@id\":\"https:\/\/www.minicrm.ro\/blog\/2021\/09-20\/acordul-gdpr-prelucrarea-datelor-cu-caracter-personal\/#primaryimage\",\"url\":\"https:\/\/minicrm-wp-ro.s3.amazonaws.com\/uploads\/2021\/09\/UNBOXING-Slides.png\",\"contentUrl\":\"https:\/\/minicrm-wp-ro.s3.amazonaws.com\/uploads\/2021\/09\/UNBOXING-Slides.png\",\"width\":400,\"height\":225},{\"@type\":\"BreadcrumbList\",\"@id\":\"https:\/\/www.minicrm.ro\/blog\/2021\/09-20\/acordul-gdpr-prelucrarea-datelor-cu-caracter-personal\/#breadcrumb\",\"itemListElement\":[{\"@type\":\"ListItem\",\"position\":1,\"name\":\"Home\",\"item\":\"https:\/\/www.minicrm.ro\/blog\/\"},{\"@type\":\"ListItem\",\"position\":2,\"name\":\"Acordul GDPR &#8211; Prelucrarea datelor cu caracter personal\"}]},{\"@type\":\"WebSite\",\"@id\":\"https:\/\/www.minicrm.ro\/blog\/#website\",\"url\":\"https:\/\/www.minicrm.ro\/blog\/\",\"name\":\"MiniCRM Blog\",\"description\":\"Sfaturi, idei, analize despre utilizarea CRM \u0219i cre\u0219terea productivit\u0103\u021bii\",\"publisher\":{\"@id\":\"https:\/\/www.minicrm.ro\/blog\/#organization\"},\"potentialAction\":[{\"@type\":\"SearchAction\",\"target\":{\"@type\":\"EntryPoint\",\"urlTemplate\":\"https:\/\/www.minicrm.ro\/blog\/?s={search_term_string}\"},\"query-input\":{\"@type\":\"PropertyValueSpecification\",\"valueRequired\":true,\"valueName\":\"search_term_string\"}}],\"inLanguage\":\"en-US\"},{\"@type\":\"Organization\",\"@id\":\"https:\/\/www.minicrm.ro\/blog\/#organization\",\"name\":\"MiniCRM Blog\",\"url\":\"https:\/\/www.minicrm.ro\/blog\/\",\"logo\":{\"@type\":\"ImageObject\",\"inLanguage\":\"en-US\",\"@id\":\"https:\/\/www.minicrm.ro\/blog\/#\/schema\/logo\/image\/\",\"url\":\"https:\/\/minicrm-wp-ro.s3.amazonaws.com\/uploads\/2021\/04\/cropped-MC_Favicon_straight_2021_255x255px.png\",\"contentUrl\":\"https:\/\/minicrm-wp-ro.s3.amazonaws.com\/uploads\/2021\/04\/cropped-MC_Favicon_straight_2021_255x255px.png\",\"width\":512,\"height\":512,\"caption\":\"MiniCRM Blog\"},\"image\":{\"@id\":\"https:\/\/www.minicrm.ro\/blog\/#\/schema\/logo\/image\/\"}},{\"@type\":\"Person\",\"@id\":\"https:\/\/www.minicrm.ro\/blog\/#\/schema\/person\/dcb5685224310eb2cc0ab24b20ad681a\",\"name\":\"Junior Ganea\",\"image\":{\"@type\":\"ImageObject\",\"inLanguage\":\"en-US\",\"@id\":\"https:\/\/www.minicrm.ro\/blog\/#\/schema\/person\/image\/\",\"url\":\"https:\/\/minicrm-wp-ro.s3.amazonaws.com\/uploads\/2021\/06\/circle-cropped-96x96.png\",\"contentUrl\":\"https:\/\/minicrm-wp-ro.s3.amazonaws.com\/uploads\/2021\/06\/circle-cropped-96x96.png\",\"caption\":\"Junior Ganea\"},\"url\":\"https:\/\/www.minicrm.ro\/blog\/author\/junior-ganea\/\"}]}<\/script>\n<!-- \/ Yoast SEO plugin. -->","yoast_head_json":{"title":"Acordul GDPR - Prelucrarea datelor cu caracter personal","description":"https:\/\/www.youtube.com\/watch?v=-jp-hwJ7i3A De c\u00e2nd a fost adoptat \u00een Mai 2018, Regulamentul general privind protec\u021bia datelor (sau mai scurt: GDPR) \u0219i","robots":{"index":"index","follow":"follow","max-snippet":"max-snippet:-1","max-image-preview":"max-image-preview:large","max-video-preview":"max-video-preview:-1"},"canonical":"https:\/\/www.minicrm.ro\/blog\/2021\/09-20\/acordul-gdpr-prelucrarea-datelor-cu-caracter-personal\/","og_locale":"en_US","og_type":"article","og_title":"Acordul GDPR - Prelucrarea datelor cu caracter personal","og_description":"https:\/\/www.youtube.com\/watch?v=-jp-hwJ7i3A De c\u00e2nd a fost adoptat \u00een Mai 2018, Regulamentul general privind protec\u021bia datelor (sau mai scurt: GDPR) \u0219i","og_url":"https:\/\/www.minicrm.ro\/blog\/2021\/09-20\/acordul-gdpr-prelucrarea-datelor-cu-caracter-personal\/","og_site_name":"MiniCRM Blog","article_published_time":"2021-09-20T06:20:20+00:00","article_modified_time":"2021-10-06T05:42:55+00:00","og_image":[{"width":400,"height":225,"url":"https:\/\/minicrm-wp-ro.s3.amazonaws.com\/uploads\/2021\/09\/UNBOXING-Slides.png","type":"image\/png"}],"author":"Junior Ganea","twitter_misc":{"Written by":"Junior Ganea","Est. reading time":"1 minute"},"schema":{"@context":"https:\/\/schema.org","@graph":[{"@type":"Article","@id":"https:\/\/www.minicrm.ro\/blog\/2021\/09-20\/acordul-gdpr-prelucrarea-datelor-cu-caracter-personal\/#article","isPartOf":{"@id":"https:\/\/www.minicrm.ro\/blog\/2021\/09-20\/acordul-gdpr-prelucrarea-datelor-cu-caracter-personal\/"},"author":{"name":"Junior Ganea","@id":"https:\/\/www.minicrm.ro\/blog\/#\/schema\/person\/dcb5685224310eb2cc0ab24b20ad681a"},"headline":"Acordul GDPR &#8211; Prelucrarea datelor cu caracter personal","datePublished":"2021-09-20T06:20:20+00:00","dateModified":"2021-10-06T05:42:55+00:00","mainEntityOfPage":{"@id":"https:\/\/www.minicrm.ro\/blog\/2021\/09-20\/acordul-gdpr-prelucrarea-datelor-cu-caracter-personal\/"},"wordCount":129,"publisher":{"@id":"https:\/\/www.minicrm.ro\/blog\/#organization"},"image":{"@id":"https:\/\/www.minicrm.ro\/blog\/2021\/09-20\/acordul-gdpr-prelucrarea-datelor-cu-caracter-personal\/#primaryimage"},"thumbnailUrl":"https:\/\/minicrm-wp-ro.s3.amazonaws.com\/uploads\/2021\/09\/UNBOXING-Slides.png","articleSection":["Management"],"inLanguage":"en-US"},{"@type":"WebPage","@id":"https:\/\/www.minicrm.ro\/blog\/2021\/09-20\/acordul-gdpr-prelucrarea-datelor-cu-caracter-personal\/","url":"https:\/\/www.minicrm.ro\/blog\/2021\/09-20\/acordul-gdpr-prelucrarea-datelor-cu-caracter-personal\/","name":"Acordul GDPR - Prelucrarea datelor cu caracter personal","isPartOf":{"@id":"https:\/\/www.minicrm.ro\/blog\/#website"},"primaryImageOfPage":{"@id":"https:\/\/www.minicrm.ro\/blog\/2021\/09-20\/acordul-gdpr-prelucrarea-datelor-cu-caracter-personal\/#primaryimage"},"image":{"@id":"https:\/\/www.minicrm.ro\/blog\/2021\/09-20\/acordul-gdpr-prelucrarea-datelor-cu-caracter-personal\/#primaryimage"},"thumbnailUrl":"https:\/\/minicrm-wp-ro.s3.amazonaws.com\/uploads\/2021\/09\/UNBOXING-Slides.png","datePublished":"2021-09-20T06:20:20+00:00","dateModified":"2021-10-06T05:42:55+00:00","description":"https:\/\/www.youtube.com\/watch?v=-jp-hwJ7i3A De c\u00e2nd a fost adoptat \u00een Mai 2018, Regulamentul general privind protec\u021bia datelor (sau mai scurt: GDPR) \u0219i","breadcrumb":{"@id":"https:\/\/www.minicrm.ro\/blog\/2021\/09-20\/acordul-gdpr-prelucrarea-datelor-cu-caracter-personal\/#breadcrumb"},"inLanguage":"en-US","potentialAction":[{"@type":"ReadAction","target":["https:\/\/www.minicrm.ro\/blog\/2021\/09-20\/acordul-gdpr-prelucrarea-datelor-cu-caracter-personal\/"]}]},{"@type":"ImageObject","inLanguage":"en-US","@id":"https:\/\/www.minicrm.ro\/blog\/2021\/09-20\/acordul-gdpr-prelucrarea-datelor-cu-caracter-personal\/#primaryimage","url":"https:\/\/minicrm-wp-ro.s3.amazonaws.com\/uploads\/2021\/09\/UNBOXING-Slides.png","contentUrl":"https:\/\/minicrm-wp-ro.s3.amazonaws.com\/uploads\/2021\/09\/UNBOXING-Slides.png","width":400,"height":225},{"@type":"BreadcrumbList","@id":"https:\/\/www.minicrm.ro\/blog\/2021\/09-20\/acordul-gdpr-prelucrarea-datelor-cu-caracter-personal\/#breadcrumb","itemListElement":[{"@type":"ListItem","position":1,"name":"Home","item":"https:\/\/www.minicrm.ro\/blog\/"},{"@type":"ListItem","position":2,"name":"Acordul GDPR &#8211; Prelucrarea datelor cu caracter personal"}]},{"@type":"WebSite","@id":"https:\/\/www.minicrm.ro\/blog\/#website","url":"https:\/\/www.minicrm.ro\/blog\/","name":"MiniCRM Blog","description":"Sfaturi, idei, analize despre utilizarea CRM \u0219i cre\u0219terea productivit\u0103\u021bii","publisher":{"@id":"https:\/\/www.minicrm.ro\/blog\/#organization"},"potentialAction":[{"@type":"SearchAction","target":{"@type":"EntryPoint","urlTemplate":"https:\/\/www.minicrm.ro\/blog\/?s={search_term_string}"},"query-input":{"@type":"PropertyValueSpecification","valueRequired":true,"valueName":"search_term_string"}}],"inLanguage":"en-US"},{"@type":"Organization","@id":"https:\/\/www.minicrm.ro\/blog\/#organization","name":"MiniCRM Blog","url":"https:\/\/www.minicrm.ro\/blog\/","logo":{"@type":"ImageObject","inLanguage":"en-US","@id":"https:\/\/www.minicrm.ro\/blog\/#\/schema\/logo\/image\/","url":"https:\/\/minicrm-wp-ro.s3.amazonaws.com\/uploads\/2021\/04\/cropped-MC_Favicon_straight_2021_255x255px.png","contentUrl":"https:\/\/minicrm-wp-ro.s3.amazonaws.com\/uploads\/2021\/04\/cropped-MC_Favicon_straight_2021_255x255px.png","width":512,"height":512,"caption":"MiniCRM Blog"},"image":{"@id":"https:\/\/www.minicrm.ro\/blog\/#\/schema\/logo\/image\/"}},{"@type":"Person","@id":"https:\/\/www.minicrm.ro\/blog\/#\/schema\/person\/dcb5685224310eb2cc0ab24b20ad681a","name":"Junior Ganea","image":{"@type":"ImageObject","inLanguage":"en-US","@id":"https:\/\/www.minicrm.ro\/blog\/#\/schema\/person\/image\/","url":"https:\/\/minicrm-wp-ro.s3.amazonaws.com\/uploads\/2021\/06\/circle-cropped-96x96.png","contentUrl":"https:\/\/minicrm-wp-ro.s3.amazonaws.com\/uploads\/2021\/06\/circle-cropped-96x96.png","caption":"Junior Ganea"},"url":"https:\/\/www.minicrm.ro\/blog\/author\/junior-ganea\/"}]}},"_links":{"self":[{"href":"https:\/\/www.minicrm.ro\/blog\/wp-json\/wp\/v2\/posts\/13032","targetHints":{"allow":["GET"]}}],"collection":[{"href":"https:\/\/www.minicrm.ro\/blog\/wp-json\/wp\/v2\/posts"}],"about":[{"href":"https:\/\/www.minicrm.ro\/blog\/wp-json\/wp\/v2\/types\/post"}],"author":[{"embeddable":true,"href":"https:\/\/www.minicrm.ro\/blog\/wp-json\/wp\/v2\/users\/54"}],"replies":[{"embeddable":true,"href":"https:\/\/www.minicrm.ro\/blog\/wp-json\/wp\/v2\/comments?post=13032"}],"version-history":[{"count":1,"href":"https:\/\/www.minicrm.ro\/blog\/wp-json\/wp\/v2\/posts\/13032\/revisions"}],"predecessor-version":[{"id":13506,"href":"https:\/\/www.minicrm.ro\/blog\/wp-json\/wp\/v2\/posts\/13032\/revisions\/13506"}],"wp:featuredmedia":[{"embeddable":true,"href":"https:\/\/www.minicrm.ro\/blog\/wp-json\/wp\/v2\/media\/13047"}],"wp:attachment":[{"href":"https:\/\/www.minicrm.ro\/blog\/wp-json\/wp\/v2\/media?parent=13032"}],"wp:term":[{"taxonomy":"category","embeddable":true,"href":"https:\/\/www.minicrm.ro\/blog\/wp-json\/wp\/v2\/categories?post=13032"},{"taxonomy":"post_tag","embeddable":true,"href":"https:\/\/www.minicrm.ro\/blog\/wp-json\/wp\/v2\/tags?post=13032"}],"curies":[{"name":"wp","href":"https:\/\/api.w.org\/{rel}","templated":true}]}}